{"id":9225,"date":"2025-08-12T05:00:02","date_gmt":"2025-08-12T03:00:02","guid":{"rendered":"https:\/\/www.ramuscompany.com\/?p=9225"},"modified":"2025-07-28T11:34:15","modified_gmt":"2025-07-28T09:34:15","slug":"la-nzz-cede-le-zurich-film-festival-et-le-frame-cinema","status":"publish","type":"post","link":"https:\/\/www.ramuscompany.com\/fr\/la-nzz-cede-le-zurich-film-festival-et-le-frame-cinema\/","title":{"rendered":"La NZZ c\u00e8de le Zurich Film Festival et le Frame Cinema"},"content":{"rendered":"<div>\n<p><strong>Dans le cadre de deux transactions distinctes mais coordonn\u00e9es, la soci\u00e9t\u00e9 AG f\u00fcr die Neue Z\u00fcrcher Zeitung (NZZ) c\u00e8de le Zurich Film Festival (ZFF) ainsi que le Frame Cinema qui en fait partie \u00e0 de nouveaux propri\u00e9taires ayant des int\u00e9r\u00eats \u00e0 long terme.<br \/>\n<!--more--><\/strong><\/p>\n<p>Apr\u00e8s dix ans de d\u00e9veloppement r\u00e9ussi sous l&rsquo;\u00e9gide de la AG f\u00fcr die Neue Z\u00fcrcher Zeitung (NZZ), le festival culturel Zurich Film Festival (ZFF), qui a eu lieu pour la premi\u00e8re fois en 2005, a \u00e9t\u00e9 repris par un groupe de propri\u00e9taires autour du directeur du festival, Dr. Christian Jungen. La vente aura lieu en juillet 2025 dans le cadre d&rsquo;un management buyout. Outre Jungen, la vice-directrice Reta Guetg, l&rsquo;entrepreneur Max Loong, l&rsquo;ancien pr\u00e9sident du ZFF Felix E. M\u00fcller ainsi que l&rsquo;expert financier Marek Skreta font partie du nouveau groupe de soutien.<\/p>\n<p>Le consortium de propri\u00e9taires apporte son expertise dans les domaines de l&rsquo;exploitation du festival, des m\u00e9dias, des \u00e9v\u00e9nements et du financement. Le m\u00e9lange d&rsquo;une longue exp\u00e9rience du festival et de nouvelles impulsions cr\u00e9e des conditions id\u00e9ales pour la prochaine \u00e9tape de croissance &#8211; avec l&rsquo;objectif de positionner le ZFF comme un \u00e9v\u00e9nement cin\u00e9matographique europ\u00e9en de premier plan.<\/p>\n<\/div>\n<h3>KINOKONI reprend l&rsquo;exploitation du cin\u00e9ma Frame du ZFF <\/h3>\n<p>La soci\u00e9t\u00e9 Cinema Frame AG, qui fait partie de la marque du festival, sera reprise et exploit\u00e9e \u00e0 partir de juillet par KINOKONI AG sous la direction de Konrad Schibli. Le concept associe des offres de films sous forme de cure \u00e0 la gastronomie et \u00e0 une exp\u00e9rience de visite \u00e9largie. La coop\u00e9ration avec le ZFF est maintenue &#8211; le Frame reste un \u00e9l\u00e9ment fixe de l&rsquo;infrastructure du festival.\u202fKINOKONI exploite d\u00e9j\u00e0 deux cin\u00e9mas \u00e0 succ\u00e8s \u00e0 Olten et \u00e0 B\u00e2le.<\/p>\n<p>&nbsp;<\/p>\n<h3>\u00c0 propos du Zurich Film Festival<\/h3>\n<p>Le Zurich Film Festival a \u00e9t\u00e9 cr\u00e9\u00e9 en 2005 et s&rsquo;est rapidement impos\u00e9 comme un \u00e9v\u00e9nement cin\u00e9matographique international majeur. Parmi les temps forts, on compte la remise de l&rsquo;\u0152il d&rsquo;or dans diff\u00e9rentes cat\u00e9gories, des premi\u00e8res de haut niveau ainsi que la pr\u00e9sence de nombreuses stars et cin\u00e9astes internationaux. Il attire chaque ann\u00e9e jusqu&rsquo;\u00e0 140 000 visiteurs et offre une plateforme d&rsquo;\u00e9change entre les cin\u00e9astes et le public. Le festival met l&rsquo;accent sur la d\u00e9couverte de nouveaux talents et sur la promotion du cin\u00e9ma ind\u00e9pendant.<\/p>\n<p>Plus d&rsquo;informations: <a href=\"https:\/\/zff.com\/de\">www.zff.com<\/a><\/p>\n<p>&nbsp;<\/p>\n<h3>R\u00f4le de Ramus &#038; Company<\/h3>\n<p>Ramus &#038; Company a conseill\u00e9 de mani\u00e8re approfondie la AG f\u00fcr die NZZ lors de la vente du groupe ZFF dans le cadre d&rsquo;un processus de fusion et d&rsquo;acquisition structur\u00e9. Le mandat comprenait le d\u00e9veloppement d&rsquo;un mod\u00e8le de propri\u00e9taire viable, l&rsquo;identification et la s\u00e9lection de partenaires appropri\u00e9s ainsi que la mise en \u0153uvre de la transaction. La conclusion r\u00e9ussie a permis de r\u00e9aliser une solution de succession ancr\u00e9e localement, qui ouvre de nouvelles options strat\u00e9giques pour le ZFF.<\/p>\n","protected":false},"excerpt":{"rendered":"<p>Dans le cadre de deux transactions distinctes mais coordonn\u00e9es, la soci\u00e9t\u00e9 AG f\u00fcr die Neue Z\u00fcrcher Zeitung (NZZ) c\u00e8de le Zurich Film Festival (ZFF) ainsi que le Frame Cinema qui en fait partie \u00e0 de nouveaux propri\u00e9taires ayant des int\u00e9r\u00eats \u00e0 long terme.<\/p>\n","protected":false},"author":2,"featured_media":9189,"comment_status":"closed","ping_status":"closed","sticky":false,"template":"","format":"standard","meta":{"_acf_changed":false,"inline_featured_image":false,"footnotes":""},"categories":[124],"tags":[],"class_list":["post-9225","post","type-post","status-publish","format-standard","has-post-thumbnail","hentry","category-non-classifiee"],"acf":[],"aioseo_notices":[],"_links":{"self":[{"href":"https:\/\/www.ramuscompany.com\/fr\/wp-json\/wp\/v2\/posts\/9225","targetHints":{"allow":["GET"]}}],"collection":[{"href":"https:\/\/www.ramuscompany.com\/fr\/wp-json\/wp\/v2\/posts"}],"about":[{"href":"https:\/\/www.ramuscompany.com\/fr\/wp-json\/wp\/v2\/types\/post"}],"author":[{"embeddable":true,"href":"https:\/\/www.ramuscompany.com\/fr\/wp-json\/wp\/v2\/users\/2"}],"replies":[{"embeddable":true,"href":"https:\/\/www.ramuscompany.com\/fr\/wp-json\/wp\/v2\/comments?post=9225"}],"version-history":[{"count":1,"href":"https:\/\/www.ramuscompany.com\/fr\/wp-json\/wp\/v2\/posts\/9225\/revisions"}],"predecessor-version":[{"id":9226,"href":"https:\/\/www.ramuscompany.com\/fr\/wp-json\/wp\/v2\/posts\/9225\/revisions\/9226"}],"wp:featuredmedia":[{"embeddable":true,"href":"https:\/\/www.ramuscompany.com\/fr\/wp-json\/wp\/v2\/media\/9189"}],"wp:attachment":[{"href":"https:\/\/www.ramuscompany.com\/fr\/wp-json\/wp\/v2\/media?parent=9225"}],"wp:term":[{"taxonomy":"category","embeddable":true,"href":"https:\/\/www.ramuscompany.com\/fr\/wp-json\/wp\/v2\/categories?post=9225"},{"taxonomy":"post_tag","embeddable":true,"href":"https:\/\/www.ramuscompany.com\/fr\/wp-json\/wp\/v2\/tags?post=9225"}],"curies":[{"name":"wp","href":"https:\/\/api.w.org\/{rel}","templated":true}]}}